{"id":5350,"date":"2021-04-21T10:58:28","date_gmt":"2021-04-21T10:58:28","guid":{"rendered":"https:\/\/www.stac.es\/2021\/04\/stac-basf-innovando-el-herraje\/"},"modified":"2025-01-16T10:13:33","modified_gmt":"2025-01-16T10:13:33","slug":"donanimda-yenilikci-stac-basf","status":"publish","type":"post","link":"https:\/\/www.stac.es\/tr\/yenilikler\/donanimda-yenilikci-stac-basf\/","title":{"rendered":"Donan\u0131mda yenilik\u00e7i STAC &#038; BASF"},"content":{"rendered":"\n<div class=\"wp-block-columns is-layout-flex wp-container-core-columns-is-layout-9d6595d7 wp-block-columns-is-layout-flex\">\n<div class=\"wp-block-column is-layout-flow wp-block-column-is-layout-flow\">\n<p><strong><span class=\"has-inline-color has-vivid-red-color\">De\u011fi\u015fim \/ Change<\/span><\/strong><br>\u201cDe\u011fi\u015fimi s\u0131rr\u0131 b\u00fct\u00fcn enerjini eski olanla m\u00fccadeleye de\u011fil; yeniyi in\u015fa etmeye yo\u011funla\u015ft\u0131rmakt\u0131r\u201d. Sokrates.<\/p>\n\n\n\n<p>Son y\u0131llarda teknik plastik ve kompozit malzeme sekt\u00f6r\u00fc y\u0131ldan y\u0131lda katlanarak b\u00fcy\u00fcd\u00fc ve geli\u015fimiyle birlikte hemen hemen b\u00fct\u00fcn end\u00fcstriyel sekt\u00f6rleri de de\u011fi\u015ftirdi.<\/p>\n\n\n\n<p>\u00dcretiminde kullan\u0131lan \u00e7elik a\u011f\u0131rl\u0131\u011f\u0131 ya da miktar\u0131na g\u00f6re bir otomobilin daha iyi ya da y\u00fcksek kalitede oldu\u011funa inan\u0131lan y\u0131llar \u00e7ok gerilerde kald\u0131.<\/p>\n\n\n\n<p>Tasar\u0131m m\u00fchendisleri, proses m\u00fchendisleri ve d\u00fcnyan\u0131n ileri gelen kimya \u015firketlerinin teknik uzmanlar\u0131n\u0131n olu\u015fturdu\u011fu \u00e7al\u0131\u015fma gruplar\u0131 \u00e7ok k\u0131sa bir zamanda kaliteli araba kavram\u0131n\u0131 de\u011fi\u015ftirdi. Ve bunu da biz fark\u0131na varmadan yapt\u0131lar.<\/p>\n\n\n\n<ul class=\"wp-block-list\"><li>Daha hafif ve b\u00f6ylece daha az yakan arabalar.<\/li><li>Hem s\u00fcr\u00fcc\u00fcler hem de yayalar i\u00e7in daha g\u00fcvenli arabalar.<\/li><li>Eurostar s\u0131n\u0131fland\u0131rmas\u0131nda daha iyi yere sahip arabalar, \u00e7arpma testleri.<\/li><li>\u0130\u00e7 konfor. S\u0131cakl\u0131k<\/li><li>Daha \u00e7a\u011fda\u015f tasar\u0131m ve her seferinde daha iyi aerodinamik katsay\u0131s\u0131na sahip otomobiller.<\/li><li>Kalite-fiyat ili\u015fkisi \u00e7ok iyi.<\/li><\/ul>\n\n\n\n<pre class=\"wp-block-preformatted\"><span class=\"has-inline-color has-black-color\">Bunlar\u0131n hi\u00e7biri polimer malzemeler olmadan m\u00fcmk\u00fcn olamazd\u0131.<\/span><\/pre>\n\n\n\n<p>STAC olarak, zamak d\u00f6k\u00fcm par\u00e7alar\u0131m\u0131zdan bir tanesini a\u015fa\u011f\u0131daki \u00f6nermeler \u00e7er\u00e7evesinde plastik bir malzemeyle de\u011fi\u015ftirmeye giri\u015ftik:<\/p>\n\n\n\n<p>1 &#8211; De\u011fi\u015ftirilecek par\u00e7an\u0131n, \u00f6nemli darbelere maruz kalm\u0131\u015f olmas\u0131,<\/p>\n\n\n\n<p>2 &#8211; De\u011fi\u015ftirilecek par\u00e7an\u0131n galvenizlenmi\u015f olmas\u0131 gerekliydi. Plasti\u011fe ge\u00e7i\u015fle bir prosesi ortadan kald\u0131rmak ve par\u00e7ay\u0131 paslanmaya kar\u015f\u0131 tam garantili hale getirmek istedik.<\/p>\n\n\n\n<p>3 &#8211; T\u00fcm donan\u0131m\u0131 daha sessiz \u00e7al\u0131\u015f\u0131r hale getirmek.<\/p>\n\n\n\n<p>4 &#8211; Par\u00e7an\u0131n kapama i\u015flevinin olmas\u0131 gerekli olup<\/p>\n\n\n\n<p>5 &#8211; T\u00fcm donan\u0131m\u0131m\u0131zda basit bir par\u00e7a laz\u0131md\u0131.<\/p>\n\n\n\n<p>T\u00fcm bunlar\u0131n \u0131\u015f\u0131\u011f\u0131nda nihayetinde se\u00e7ilen par\u00e7a da \u00e7ift a\u00e7\u0131l\u0131m ispanyoletler i\u00e7in iletim kapaklar\u0131 oldu.<\/p>\n\n\n\n<ul class=\"wp-block-list\"><li>Donan\u0131m i\u00e7erisinde en fazla darbeye dayan\u0131kl\u0131 par\u00e7alarda biri olup bir taraf\u0131ndan al\u00fcminyum profil kanall\u0131 ve pek \u00e7ok durumda al\u00fcminyum malzemeden olan donan\u0131m\u0131n s\u00fcrg\u00fc tahrik \u00e7ubuklar\u0131na ba\u011fl\u0131d\u0131r. Di\u011fer taraftan ise paslanmaz \u00e7elikten olan ispanyoletin transmisyon kanad\u0131na ba\u011fl\u0131d\u0131r<\/li><li>120 Kg\u2019l\u0131k a\u011f\u0131rl\u0131\u011fa sahip bir pencerede \u00e7ift a\u00e7\u0131l\u0131m donan\u0131m\u0131n b\u00fct\u00fcn par\u00e7alar\u0131yla birlikte 15.000 \u00e7ift a\u00e7\u0131l\u0131m devri ve 10.000 tek a\u00e7\u0131l\u0131m devri test edilecektir.<\/li><li>Stac\u2019\u0131n t\u00fcm donan\u0131mlar\u0131ndaki zamak ala\u015f\u0131ml\u0131 par\u00e7alar, epoksi polyesterle boyanmadan ya da alkali \u00e7inko i\u015flemine tabi tutulmadan dolay\u0131 korozyona kar\u015f\u0131 korumal\u0131d\u0131r.<\/li><li>Bu par\u00e7an\u0131n plastikle de\u011fi\u015ftirilmesiyle birlikte elektrolitik i\u015flemine gerek kalmayacak ve korozyona kar\u015f\u0131 tutumunu da iyile\u015ftirmi\u015f olaca\u011f\u0131z. Bu par\u00e7aya her anlamda garanti verebiliyor olaca\u011f\u0131z.<\/li><li>Korozyana kar\u015f\u0131 tam garanti.<\/li><\/ul>\n\n\n\n<p><strong><span class=\"has-inline-color has-vivid-red-color\">\u00c7evreye kar\u015f\u0131 daha duyarl\u0131.<\/span><\/strong><\/p>\n\n\n\n<ul class=\"wp-block-list\"><li>Galvenizleme prosesi \u00e7amur ortaya \u00e7\u0131karmakta ve bu \u00e7amur daha sonra ar\u0131tma tesislerimizde ayr\u0131\u015ft\u0131r\u0131lmaktad\u0131r. Bu \u00e7amurun daha sonra ar\u0131tma tesislerinde ar\u0131t\u0131lmas\u0131 gerekmektedir. Plastik materyale ge\u00e7i\u015fle birlikte bu prosesi ortadan kald\u0131r\u0131yor ve par\u00e7ay\u0131 \u00e7evreye kar\u015f\u0131 daha sorumlu hale d\u00f6n\u00fc\u015ft\u00fcr\u00fcyoruz.<\/li><li>\u00c7evreye kar\u015f\u0131 daha duyarl\u0131 olan bu par\u00e7an\u0131n d\u00f6n\u00fc\u015f\u00fcm\u00fc i\u00e7in gerekli toplam enerji minimumdur<\/li><li>Daha hafif bir malzeme ortaya \u00e7\u0131kar. Ham maddenin tesislerimize ta\u015f\u0131nmas\u0131, i\u00e7erideki i\u015flemlerde daha az enerji ve tabi ki sat\u0131\u015fa haz\u0131r \u00fcr\u00fcn\u00fcn daha hafif olmas\u0131 s\u00f6z konusudur.<\/li><li>Daha az enerjiyle kolayca geri d\u00f6n\u00fc\u015febilir ham madde.<\/li><\/ul>\n\n\n\n<p><strong><span class=\"has-inline-color has-vivid-red-color\">D\u00fczg\u00fcn ve sessiz \u00e7al\u0131\u015f\u0131r.<\/span><\/strong><\/p>\n\n\n\n<ul class=\"wp-block-list\"><li>Plastik malzemeler, al\u00fcminyum profiller \u00fczerinde daha iyi bir s\u00fcrg\u00fc sistemine sahiptir ve bu da donan\u0131m\u0131n i\u015fleyi\u015f d\u00f6ng\u00fcs\u00fc ve toplam kullan\u0131m dayan\u0131kl\u0131l\u0131\u011f\u0131n\u0131 iyile\u015ftirmek i\u00e7in gereklidir.<\/li><\/ul>\n\n\n\n<ul class=\"wp-block-list\"><li>Son olarak da iletim kapa\u011f\u0131 neredeyse t\u00fcm ispanyoletlerimizde mevcut olup i\u00e7erisinde kapama noktas\u0131 bulunmaktad\u0131r.<\/li><\/ul>\n\n\n\n<p>S\u00fcrekli y\u00fcksek hedefler.<\/p>\n<\/div>\n\n\n\n<div class=\"wp-block-column is-layout-flow wp-block-column-is-layout-flow\">\n<div style=\"height:264px\" aria-hidden=\"true\" class=\"wp-block-spacer\"><\/div>\n\n\n\n<div class=\"wp-block-image\"><figure class=\"aligncenter size-large\"><img loading=\"lazy\" decoding=\"async\" width=\"400\" height=\"343\" src=\"https:\/\/www.stac.es\/wp-content\/uploads\/2021\/06\/923.img4660-1.jpg\" alt=\"\" class=\"wp-image-12153\" srcset=\"https:\/\/www.stac.es\/wp-content\/uploads\/2021\/06\/923.img4660-1.jpg 400w, https:\/\/www.stac.es\/wp-content\/uploads\/2021\/06\/923.img4660-1-300x257.jpg 300w\" sizes=\"auto, (max-width: 400px) 100vw, 400px\" \/><\/figure><\/div>\n\n\n\n<div style=\"height:264px\" aria-hidden=\"true\" class=\"wp-block-spacer\"><\/div>\n\n\n\n<div style=\"height:228px\" aria-hidden=\"true\" class=\"wp-block-spacer\"><\/div>\n\n\n\n<p class=\"has-text-align-center\"><strong><span class=\"has-inline-color has-black-color\"><strong><strong>Zamak ala\u015f\u0131m\u0131n\u0131n ikamesi i\u00e7in BASF i\u015f orta\u011f\u0131m\u0131zla birlikte bu i\u015fi ger\u00e7ekle\u015ftirdik.&nbsp;.<\/strong><\/strong><br><\/span>&nbsp;<\/strong><\/p>\n\n\n\n<div class=\"wp-block-image\"><figure class=\"aligncenter size-large\"><img loading=\"lazy\" decoding=\"async\" width=\"450\" height=\"599\" src=\"https:\/\/www.stac.es\/wp-content\/uploads\/2021\/06\/935.img5024-1.jpg\" alt=\"\" class=\"wp-image-12161\" srcset=\"https:\/\/www.stac.es\/wp-content\/uploads\/2021\/06\/935.img5024-1.jpg 450w, https:\/\/www.stac.es\/wp-content\/uploads\/2021\/06\/935.img5024-1-225x300.jpg 225w\" sizes=\"auto, (max-width: 450px) 100vw, 450px\" \/><\/figure><\/div>\n\n\n\n<div style=\"height:246px\" aria-hidden=\"true\" class=\"wp-block-spacer\"><\/div>\n\n\n\n<div style=\"height:279px\" aria-hidden=\"true\" class=\"wp-block-spacer\"><\/div>\n\n\n\n<p class=\"has-text-align-center\"><strong><span class=\"has-inline-color has-black-color\"><strong>Yeni bir tasar\u0131ma ve iyile\u015ftirilmi\u015f \u00f6zelliklere sahip bir iletim kapa\u011f\u0131 ortaya \u00e7\u0131kt\u0131.<\/strong><\/span><\/strong><\/p>\n\n\n\n<div class=\"wp-block-image\"><figure class=\"aligncenter size-large\"><img loading=\"lazy\" decoding=\"async\" width=\"450\" height=\"527\" src=\"https:\/\/www.stac.es\/wp-content\/uploads\/2021\/06\/931.img4643-1.jpg\" alt=\"\" class=\"wp-image-12168\" srcset=\"https:\/\/www.stac.es\/wp-content\/uploads\/2021\/06\/931.img4643-1.jpg 450w, https:\/\/www.stac.es\/wp-content\/uploads\/2021\/06\/931.img4643-1-256x300.jpg 256w\" sizes=\"auto, (max-width: 450px) 100vw, 450px\" \/><\/figure><\/div>\n\n\n\n<div style=\"height:337px\" aria-hidden=\"true\" class=\"wp-block-spacer\"><\/div>\n\n\n\n<div class=\"wp-block-image\"><figure class=\"aligncenter size-large\"><img loading=\"lazy\" decoding=\"async\" width=\"450\" height=\"675\" src=\"https:\/\/www.stac.es\/wp-content\/uploads\/2021\/06\/933.img5026-1.jpg\" alt=\"\" class=\"wp-image-12175\" srcset=\"https:\/\/www.stac.es\/wp-content\/uploads\/2021\/06\/933.img5026-1.jpg 450w, https:\/\/www.stac.es\/wp-content\/uploads\/2021\/06\/933.img5026-1-200x300.jpg 200w\" sizes=\"auto, (max-width: 450px) 100vw, 450px\" \/><\/figure><\/div>\n<\/div>\n<\/div>\n\n\n\n<p><strong><span class=\"has-inline-color has-vivid-red-color\">\u00c7evreye kar\u015f\u0131 daha duyarl\u0131.<\/span><\/strong><\/p>\n\n\n\n<ul class=\"wp-block-list\"><li>Galvenizleme prosesi \u00e7amur ortaya \u00e7\u0131karmakta ve bu \u00e7amur daha sonra ar\u0131tma tesislerimizde ayr\u0131\u015ft\u0131r\u0131lmaktad\u0131r. Bu \u00e7amurun daha sonra ar\u0131tma tesislerinde ar\u0131t\u0131lmas\u0131 gerekmektedir. Plastik materyale ge\u00e7i\u015fle birlikte bu prosesi ortadan kald\u0131r\u0131yor ve par\u00e7ay\u0131 \u00e7evreye kar\u015f\u0131 daha sorumlu hale d\u00f6n\u00fc\u015ft\u00fcr\u00fcyoruz.<\/li><li>\u00c7evreye kar\u015f\u0131 daha duyarl\u0131 olan bu par\u00e7an\u0131n d\u00f6n\u00fc\u015f\u00fcm\u00fc i\u00e7in gerekli toplam enerji minimumdur<\/li><li>Daha hafif bir malzeme ortaya \u00e7\u0131kar. Ham maddenin tesislerimize ta\u015f\u0131nmas\u0131, i\u00e7erideki i\u015flemlerde daha az enerji ve tabi ki sat\u0131\u015fa haz\u0131r \u00fcr\u00fcn\u00fcn daha hafif olmas\u0131 s\u00f6z konusudur.<\/li><li>Daha az enerjiyle kolayca geri d\u00f6n\u00fc\u015febilir ham madde.<\/li><\/ul>\n\n\n\n<p><em><strong><em><strong>Sonu\u00e7<\/strong><\/em>:<\/strong><\/em><\/p>\n\n\n\n<p><em>BASF\u2019\u0131n \u00f6nermi\u015f oldu\u011fu testler ve de\u011fi\u015fikliklerden sonra, STAC\u2019\u0131n Ultramid\u00ae markal\u0131 yeni plastik iletim kapa\u011f\u0131 istenen t\u00fcm hedeflere ula\u015fm\u0131\u015f oldu:<\/em><\/p>\n\n\n\n<ul class=\"wp-block-list\"><li><em>Zamak 5 iletim kapa\u011f\u0131ndaki 33 Nm\u2019ye kar\u015f\u0131 40 Nm\u2019lik ortalama d\u00f6nme kuvvetine kar\u015f\u0131 dayan\u0131kl\u0131 hale geldi. EN 13126-:2008 standard\u0131na ve ulusal standartlara dayanarak STAC olarak bu direncin bu uygulama alan\u0131na g\u00f6re yeterli oldu\u011funu g\u00f6rmekteyiz.<\/em><\/li><li><em>EN 13126-8:2011 standard\u0131 \u00e7er\u00e7evesinde 15.000 devirlik dayan\u0131kl\u0131l\u0131k\/kullan\u0131m s\u00fcresi testini yorulmadan ge\u00e7ti.<\/em><\/li><li><em>Kapama noktas\u0131 dayan\u0131kl\u0131l\u0131k testinde ise, iletim kapa\u011f\u0131 yerine profil k\u0131r\u0131ld\u0131.<\/em><\/li><\/ul>\n\n\n\n<p><em>Sonu\u00e7 olarak, STAC olarak bizler Ultramid\u00ae markal\u0131 yeni plastik iletim kapa\u011f\u0131n\u0131n mekanik \u00f6zelliklerde ciddi bir kay\u0131p olmadan zamak 5 par\u00e7as\u0131n\u0131 ikame edebilece\u011fini d\u00fc\u015f\u00fcn\u00fcyoruz. Dahas\u0131, bu malzemenin faydal\u0131 pek \u00e7ok \u00f6zelli\u011fi bulunmaktad\u0131r.<\/em><\/p>\n\n\n\n<p><em>\u00d6zetleyecek olursak, bu yeni proje; iyi mekanik i\u015fleyi\u015fi koruyarak plasti\u011fin \u00f6zelliklerinden faydalanmak amac\u0131yla daha fazla pencere donan\u0131m par\u00e7alar\u0131n\u0131 de\u011fi\u015ftirmek i\u00e7in iyi bir y\u00f6ntem olabilir.<\/em><\/p>\n\n\n\n<p><em>Ekip i\u00e7erisinde ortaya konan iyi \u00e7al\u0131\u015fma.<\/em><\/p>\n","protected":false},"excerpt":{"rendered":"<p>Son y\u0131llarda teknik plastik ve kompozit malzeme sekt\u00f6r\u00fc y\u0131ldan y\u0131lda katlanarak b\u00fcy\u00fcd\u00fc ve geli\u015fimiyle birlikte hemen hemen b\u00fct\u00fcn end\u00fcstriyel sekt\u00f6rleri de de\u011fi\u015ftirdi.<\/p>\n","protected":false},"author":1,"featured_media":2022,"comment_status":"closed","ping_status":"open","sticky":false,"template":"","format":"standard","meta":{"_acf_changed":false,"footnotes":""},"categories":[523,549],"tags":[],"class_list":["post-5350","post","type-post","status-publish","format-standard","has-post-thumbnail","hentry","category-empresa","category-urunler"],"acf":[],"yoast_head":"<!-- This site is optimized with the Yoast SEO plugin v27.5 - https:\/\/yoast.com\/product\/yoast-seo-wordpress\/ -->\n<title>Donan\u0131mda yenilik\u00e7i STAC &amp; BASF - STAC<\/title>\n<meta name=\"robots\" content=\"index, follow, max-snippet:-1, max-image-preview:large, max-video-preview:-1\" \/>\n<link rel=\"canonical\" href=\"https:\/\/www.stac.es\/tr\/yenilikler\/donanimda-yenilikci-stac-basf\/\" \/>\n<meta property=\"og:locale\" content=\"tr_TR\" \/>\n<meta property=\"og:type\" content=\"article\" \/>\n<meta property=\"og:title\" content=\"Donan\u0131mda yenilik\u00e7i STAC &amp; BASF - STAC\" \/>\n<meta property=\"og:description\" content=\"Son y\u0131llarda teknik plastik ve kompozit malzeme sekt\u00f6r\u00fc y\u0131ldan y\u0131lda katlanarak b\u00fcy\u00fcd\u00fc ve geli\u015fimiyle birlikte hemen hemen b\u00fct\u00fcn end\u00fcstriyel sekt\u00f6rleri de de\u011fi\u015ftirdi.\" \/>\n<meta property=\"og:url\" content=\"https:\/\/www.stac.es\/tr\/yenilikler\/donanimda-yenilikci-stac-basf\/\" \/>\n<meta property=\"og:site_name\" content=\"STAC\" \/>\n<meta property=\"article:published_time\" content=\"2021-04-21T10:58:28+00:00\" \/>\n<meta property=\"article:modified_time\" content=\"2025-01-16T10:13:33+00:00\" \/>\n<meta property=\"og:image\" content=\"https:\/\/www.stac.es\/wp-content\/uploads\/2021\/04\/1468338436.288x198.fm_.fe_.47.portadanovedad.jpg\" \/>\n\t<meta property=\"og:image:width\" content=\"288\" \/>\n\t<meta property=\"og:image:height\" content=\"198\" \/>\n\t<meta property=\"og:image:type\" content=\"image\/jpeg\" \/>\n<meta name=\"author\" content=\"Sergio Ram\u00edrez\" \/>\n<meta name=\"twitter:card\" content=\"summary_large_image\" \/>\n<meta name=\"twitter:label1\" content=\"Yazan:\" \/>\n\t<meta name=\"twitter:data1\" content=\"Sergio Ram\u00edrez\" \/>\n\t<meta name=\"twitter:label2\" content=\"Tahmini okuma s\u00fcresi\" \/>\n\t<meta name=\"twitter:data2\" content=\"4 dakika\" \/>\n<script type=\"application\/ld+json\" class=\"yoast-schema-graph\">{\"@context\":\"https:\\\/\\\/schema.org\",\"@graph\":[{\"@type\":\"Article\",\"@id\":\"https:\\\/\\\/www.stac.es\\\/tr\\\/yenilikler\\\/donanimda-yenilikci-stac-basf\\\/#article\",\"isPartOf\":{\"@id\":\"https:\\\/\\\/www.stac.es\\\/tr\\\/yenilikler\\\/donanimda-yenilikci-stac-basf\\\/\"},\"author\":{\"name\":\"Sergio Ram\u00edrez\",\"@id\":\"https:\\\/\\\/www.stac.es\\\/tr\\\/#\\\/schema\\\/person\\\/f2a9a24f48629d02b042ab21ef4d4f4c\"},\"headline\":\"Donan\u0131mda yenilik\u00e7i STAC &#038; BASF\",\"datePublished\":\"2021-04-21T10:58:28+00:00\",\"dateModified\":\"2025-01-16T10:13:33+00:00\",\"mainEntityOfPage\":{\"@id\":\"https:\\\/\\\/www.stac.es\\\/tr\\\/yenilikler\\\/donanimda-yenilikci-stac-basf\\\/\"},\"wordCount\":1012,\"image\":{\"@id\":\"https:\\\/\\\/www.stac.es\\\/tr\\\/yenilikler\\\/donanimda-yenilikci-stac-basf\\\/#primaryimage\"},\"thumbnailUrl\":\"https:\\\/\\\/www.stac.es\\\/wp-content\\\/uploads\\\/2021\\\/04\\\/1468338436.288x198.fm_.fe_.47.portadanovedad.jpg\",\"articleSection\":[\"Empresa\",\"\u00dcr\u00fcnler\"],\"inLanguage\":\"tr\"},{\"@type\":\"WebPage\",\"@id\":\"https:\\\/\\\/www.stac.es\\\/tr\\\/yenilikler\\\/donanimda-yenilikci-stac-basf\\\/\",\"url\":\"https:\\\/\\\/www.stac.es\\\/tr\\\/yenilikler\\\/donanimda-yenilikci-stac-basf\\\/\",\"name\":\"Donan\u0131mda yenilik\u00e7i STAC & BASF - STAC\",\"isPartOf\":{\"@id\":\"https:\\\/\\\/www.stac.es\\\/tr\\\/#website\"},\"primaryImageOfPage\":{\"@id\":\"https:\\\/\\\/www.stac.es\\\/tr\\\/yenilikler\\\/donanimda-yenilikci-stac-basf\\\/#primaryimage\"},\"image\":{\"@id\":\"https:\\\/\\\/www.stac.es\\\/tr\\\/yenilikler\\\/donanimda-yenilikci-stac-basf\\\/#primaryimage\"},\"thumbnailUrl\":\"https:\\\/\\\/www.stac.es\\\/wp-content\\\/uploads\\\/2021\\\/04\\\/1468338436.288x198.fm_.fe_.47.portadanovedad.jpg\",\"datePublished\":\"2021-04-21T10:58:28+00:00\",\"dateModified\":\"2025-01-16T10:13:33+00:00\",\"author\":{\"@id\":\"https:\\\/\\\/www.stac.es\\\/tr\\\/#\\\/schema\\\/person\\\/f2a9a24f48629d02b042ab21ef4d4f4c\"},\"breadcrumb\":{\"@id\":\"https:\\\/\\\/www.stac.es\\\/tr\\\/yenilikler\\\/donanimda-yenilikci-stac-basf\\\/#breadcrumb\"},\"inLanguage\":\"tr\",\"potentialAction\":[{\"@type\":\"ReadAction\",\"target\":[\"https:\\\/\\\/www.stac.es\\\/tr\\\/yenilikler\\\/donanimda-yenilikci-stac-basf\\\/\"]}]},{\"@type\":\"ImageObject\",\"inLanguage\":\"tr\",\"@id\":\"https:\\\/\\\/www.stac.es\\\/tr\\\/yenilikler\\\/donanimda-yenilikci-stac-basf\\\/#primaryimage\",\"url\":\"https:\\\/\\\/www.stac.es\\\/wp-content\\\/uploads\\\/2021\\\/04\\\/1468338436.288x198.fm_.fe_.47.portadanovedad.jpg\",\"contentUrl\":\"https:\\\/\\\/www.stac.es\\\/wp-content\\\/uploads\\\/2021\\\/04\\\/1468338436.288x198.fm_.fe_.47.portadanovedad.jpg\",\"width\":288,\"height\":198},{\"@type\":\"BreadcrumbList\",\"@id\":\"https:\\\/\\\/www.stac.es\\\/tr\\\/yenilikler\\\/donanimda-yenilikci-stac-basf\\\/#breadcrumb\",\"itemListElement\":[{\"@type\":\"ListItem\",\"position\":1,\"name\":\"Portada\",\"item\":\"https:\\\/\\\/www.stac.es\\\/tr\\\/\"},{\"@type\":\"ListItem\",\"position\":2,\"name\":\"Donan\u0131mda yenilik\u00e7i STAC &#038; BASF\"}]},{\"@type\":\"WebSite\",\"@id\":\"https:\\\/\\\/www.stac.es\\\/tr\\\/#website\",\"url\":\"https:\\\/\\\/www.stac.es\\\/tr\\\/\",\"name\":\"STAC\",\"description\":\"Soluciones para sistemas de aluminio\",\"potentialAction\":[{\"@type\":\"SearchAction\",\"target\":{\"@type\":\"EntryPoint\",\"urlTemplate\":\"https:\\\/\\\/www.stac.es\\\/tr\\\/?s={search_term_string}\"},\"query-input\":{\"@type\":\"PropertyValueSpecification\",\"valueRequired\":true,\"valueName\":\"search_term_string\"}}],\"inLanguage\":\"tr\"},{\"@type\":\"Person\",\"@id\":\"https:\\\/\\\/www.stac.es\\\/tr\\\/#\\\/schema\\\/person\\\/f2a9a24f48629d02b042ab21ef4d4f4c\",\"name\":\"Sergio Ram\u00edrez\",\"image\":{\"@type\":\"ImageObject\",\"inLanguage\":\"tr\",\"@id\":\"https:\\\/\\\/secure.gravatar.com\\\/avatar\\\/27dd34732f0592568c09499a9086f0731cbd7f45bd7f1aaef300c683ee294ecf?s=96&d=mm&r=g\",\"url\":\"https:\\\/\\\/secure.gravatar.com\\\/avatar\\\/27dd34732f0592568c09499a9086f0731cbd7f45bd7f1aaef300c683ee294ecf?s=96&d=mm&r=g\",\"contentUrl\":\"https:\\\/\\\/secure.gravatar.com\\\/avatar\\\/27dd34732f0592568c09499a9086f0731cbd7f45bd7f1aaef300c683ee294ecf?s=96&d=mm&r=g\",\"caption\":\"Sergio Ram\u00edrez\"},\"sameAs\":[\"https:\\\/\\\/www.stac.es\"],\"url\":\"https:\\\/\\\/www.stac.es\\\/tr\\\/novedades\\\/author\\\/stac\\\/\"}]}<\/script>\n<!-- \/ Yoast SEO plugin. -->","yoast_head_json":{"title":"Donan\u0131mda yenilik\u00e7i STAC & BASF - STAC","robots":{"index":"index","follow":"follow","max-snippet":"max-snippet:-1","max-image-preview":"max-image-preview:large","max-video-preview":"max-video-preview:-1"},"canonical":"https:\/\/www.stac.es\/tr\/yenilikler\/donanimda-yenilikci-stac-basf\/","og_locale":"tr_TR","og_type":"article","og_title":"Donan\u0131mda yenilik\u00e7i STAC & BASF - STAC","og_description":"Son y\u0131llarda teknik plastik ve kompozit malzeme sekt\u00f6r\u00fc y\u0131ldan y\u0131lda katlanarak b\u00fcy\u00fcd\u00fc ve geli\u015fimiyle birlikte hemen hemen b\u00fct\u00fcn end\u00fcstriyel sekt\u00f6rleri de de\u011fi\u015ftirdi.","og_url":"https:\/\/www.stac.es\/tr\/yenilikler\/donanimda-yenilikci-stac-basf\/","og_site_name":"STAC","article_published_time":"2021-04-21T10:58:28+00:00","article_modified_time":"2025-01-16T10:13:33+00:00","og_image":[{"width":288,"height":198,"url":"https:\/\/www.stac.es\/wp-content\/uploads\/2021\/04\/1468338436.288x198.fm_.fe_.47.portadanovedad.jpg","type":"image\/jpeg"}],"author":"Sergio Ram\u00edrez","twitter_card":"summary_large_image","twitter_misc":{"Yazan:":"Sergio Ram\u00edrez","Tahmini okuma s\u00fcresi":"4 dakika"},"schema":{"@context":"https:\/\/schema.org","@graph":[{"@type":"Article","@id":"https:\/\/www.stac.es\/tr\/yenilikler\/donanimda-yenilikci-stac-basf\/#article","isPartOf":{"@id":"https:\/\/www.stac.es\/tr\/yenilikler\/donanimda-yenilikci-stac-basf\/"},"author":{"name":"Sergio Ram\u00edrez","@id":"https:\/\/www.stac.es\/tr\/#\/schema\/person\/f2a9a24f48629d02b042ab21ef4d4f4c"},"headline":"Donan\u0131mda yenilik\u00e7i STAC &#038; BASF","datePublished":"2021-04-21T10:58:28+00:00","dateModified":"2025-01-16T10:13:33+00:00","mainEntityOfPage":{"@id":"https:\/\/www.stac.es\/tr\/yenilikler\/donanimda-yenilikci-stac-basf\/"},"wordCount":1012,"image":{"@id":"https:\/\/www.stac.es\/tr\/yenilikler\/donanimda-yenilikci-stac-basf\/#primaryimage"},"thumbnailUrl":"https:\/\/www.stac.es\/wp-content\/uploads\/2021\/04\/1468338436.288x198.fm_.fe_.47.portadanovedad.jpg","articleSection":["Empresa","\u00dcr\u00fcnler"],"inLanguage":"tr"},{"@type":"WebPage","@id":"https:\/\/www.stac.es\/tr\/yenilikler\/donanimda-yenilikci-stac-basf\/","url":"https:\/\/www.stac.es\/tr\/yenilikler\/donanimda-yenilikci-stac-basf\/","name":"Donan\u0131mda yenilik\u00e7i STAC & BASF - STAC","isPartOf":{"@id":"https:\/\/www.stac.es\/tr\/#website"},"primaryImageOfPage":{"@id":"https:\/\/www.stac.es\/tr\/yenilikler\/donanimda-yenilikci-stac-basf\/#primaryimage"},"image":{"@id":"https:\/\/www.stac.es\/tr\/yenilikler\/donanimda-yenilikci-stac-basf\/#primaryimage"},"thumbnailUrl":"https:\/\/www.stac.es\/wp-content\/uploads\/2021\/04\/1468338436.288x198.fm_.fe_.47.portadanovedad.jpg","datePublished":"2021-04-21T10:58:28+00:00","dateModified":"2025-01-16T10:13:33+00:00","author":{"@id":"https:\/\/www.stac.es\/tr\/#\/schema\/person\/f2a9a24f48629d02b042ab21ef4d4f4c"},"breadcrumb":{"@id":"https:\/\/www.stac.es\/tr\/yenilikler\/donanimda-yenilikci-stac-basf\/#breadcrumb"},"inLanguage":"tr","potentialAction":[{"@type":"ReadAction","target":["https:\/\/www.stac.es\/tr\/yenilikler\/donanimda-yenilikci-stac-basf\/"]}]},{"@type":"ImageObject","inLanguage":"tr","@id":"https:\/\/www.stac.es\/tr\/yenilikler\/donanimda-yenilikci-stac-basf\/#primaryimage","url":"https:\/\/www.stac.es\/wp-content\/uploads\/2021\/04\/1468338436.288x198.fm_.fe_.47.portadanovedad.jpg","contentUrl":"https:\/\/www.stac.es\/wp-content\/uploads\/2021\/04\/1468338436.288x198.fm_.fe_.47.portadanovedad.jpg","width":288,"height":198},{"@type":"BreadcrumbList","@id":"https:\/\/www.stac.es\/tr\/yenilikler\/donanimda-yenilikci-stac-basf\/#breadcrumb","itemListElement":[{"@type":"ListItem","position":1,"name":"Portada","item":"https:\/\/www.stac.es\/tr\/"},{"@type":"ListItem","position":2,"name":"Donan\u0131mda yenilik\u00e7i STAC &#038; BASF"}]},{"@type":"WebSite","@id":"https:\/\/www.stac.es\/tr\/#website","url":"https:\/\/www.stac.es\/tr\/","name":"STAC","description":"Soluciones para sistemas de aluminio","potentialAction":[{"@type":"SearchAction","target":{"@type":"EntryPoint","urlTemplate":"https:\/\/www.stac.es\/tr\/?s={search_term_string}"},"query-input":{"@type":"PropertyValueSpecification","valueRequired":true,"valueName":"search_term_string"}}],"inLanguage":"tr"},{"@type":"Person","@id":"https:\/\/www.stac.es\/tr\/#\/schema\/person\/f2a9a24f48629d02b042ab21ef4d4f4c","name":"Sergio Ram\u00edrez","image":{"@type":"ImageObject","inLanguage":"tr","@id":"https:\/\/secure.gravatar.com\/avatar\/27dd34732f0592568c09499a9086f0731cbd7f45bd7f1aaef300c683ee294ecf?s=96&d=mm&r=g","url":"https:\/\/secure.gravatar.com\/avatar\/27dd34732f0592568c09499a9086f0731cbd7f45bd7f1aaef300c683ee294ecf?s=96&d=mm&r=g","contentUrl":"https:\/\/secure.gravatar.com\/avatar\/27dd34732f0592568c09499a9086f0731cbd7f45bd7f1aaef300c683ee294ecf?s=96&d=mm&r=g","caption":"Sergio Ram\u00edrez"},"sameAs":["https:\/\/www.stac.es"],"url":"https:\/\/www.stac.es\/tr\/novedades\/author\/stac\/"}]}},"_links":{"self":[{"href":"https:\/\/www.stac.es\/tr\/wp-json\/wp\/v2\/posts\/5350","targetHints":{"allow":["GET"]}}],"collection":[{"href":"https:\/\/www.stac.es\/tr\/wp-json\/wp\/v2\/posts"}],"about":[{"href":"https:\/\/www.stac.es\/tr\/wp-json\/wp\/v2\/types\/post"}],"author":[{"embeddable":true,"href":"https:\/\/www.stac.es\/tr\/wp-json\/wp\/v2\/users\/1"}],"replies":[{"embeddable":true,"href":"https:\/\/www.stac.es\/tr\/wp-json\/wp\/v2\/comments?post=5350"}],"version-history":[{"count":5,"href":"https:\/\/www.stac.es\/tr\/wp-json\/wp\/v2\/posts\/5350\/revisions"}],"predecessor-version":[{"id":12178,"href":"https:\/\/www.stac.es\/tr\/wp-json\/wp\/v2\/posts\/5350\/revisions\/12178"}],"wp:featuredmedia":[{"embeddable":true,"href":"https:\/\/www.stac.es\/tr\/wp-json\/wp\/v2\/media\/2022"}],"wp:attachment":[{"href":"https:\/\/www.stac.es\/tr\/wp-json\/wp\/v2\/media?parent=5350"}],"wp:term":[{"taxonomy":"category","embeddable":true,"href":"https:\/\/www.stac.es\/tr\/wp-json\/wp\/v2\/categories?post=5350"},{"taxonomy":"post_tag","embeddable":true,"href":"https:\/\/www.stac.es\/tr\/wp-json\/wp\/v2\/tags?post=5350"}],"curies":[{"name":"wp","href":"https:\/\/api.w.org\/{rel}","templated":true}]}}