{"id":17616,"date":"2021-11-19T10:51:48","date_gmt":"2021-11-19T10:51:48","guid":{"rendered":"https:\/\/www.stac.es\/nouveautes\/stac-cepyme500\/"},"modified":"2025-01-16T12:09:02","modified_gmt":"2025-01-16T12:09:02","slug":"stac-cepyme500","status":"publish","type":"post","link":"https:\/\/www.stac.es\/pt-pt\/novedades\/stac-cepyme500\/","title":{"rendered":"STAC, eleita pelo 5.\u00ba ano consecutivo como a empresa espanhola l\u00edder em crescimento empresarial"},"content":{"rendered":"\n<p><strong><span class=\"has-inline-color has-vivid-red-color\">Os crit\u00e9rios de sele\u00e7\u00e3o t\u00eam em conta uma taxa de crescimento anual composta superior a 15% durante os \u00faltimos 3 anos.<\/span><\/strong><\/p>\n\n\n\n<p><\/p>\n\n\n\n<figure class=\"wp-block-image size-large\"><img loading=\"lazy\" decoding=\"async\" width=\"1024\" height=\"681\" src=\"https:\/\/www.stac.es\/wp-content\/uploads\/2021\/11\/dmc2714_51682842432_o-1-1024x681.jpg\" alt=\"\" class=\"wp-image-17476\" srcset=\"https:\/\/www.stac.es\/wp-content\/uploads\/2021\/11\/dmc2714_51682842432_o-1-1024x681.jpg 1024w, https:\/\/www.stac.es\/wp-content\/uploads\/2021\/11\/dmc2714_51682842432_o-1-300x199.jpg 300w, https:\/\/www.stac.es\/wp-content\/uploads\/2021\/11\/dmc2714_51682842432_o-1-768x511.jpg 768w, https:\/\/www.stac.es\/wp-content\/uploads\/2021\/11\/dmc2714_51682842432_o-1-1536x1021.jpg 1536w, https:\/\/www.stac.es\/wp-content\/uploads\/2021\/11\/dmc2714_51682842432_o-1-2048x1362.jpg 2048w\" sizes=\"auto, (max-width: 1024px) 100vw, 1024px\" \/><figcaption>Juan Carlos Fern\u00e1ndez, Gerente da STAC, recebeu o pr\u00e9mio num evento realizado no Palacio de la Bolsa, em Madrid<\/figcaption><\/figure>\n\n\n\n<p>O Cepyme, atrav\u00e9s da sua iniciativa CEPYME500, identifica, seleciona e promove anualmente as 500 empresas espanholas l\u00edderes no crescimento empresarial, avaliando tanto os seus resultados como a sua capacidade de gerar valor acrescentado, emprego, inova\u00e7\u00e3o e proje\u00e7\u00e3o internacional. Os crit\u00e9rios de sele\u00e7\u00e3o t\u00eam em conta uma taxa de crescimento anual composta (CAGR) superior a 15% durante os \u00faltimos 3 anos.<\/p>\n\n\n\n<p>Este ano, o CEPYME500 quis fazer um reconhecimento especial \u00e0s 5 empresas que fizeram parte do ranking durante 5 anos consecutivos, incluindo a STAC. Estas empresas apresentaram os seus casos de sucesso num evento realizado no Palacio de la Bolsa, em Madrid.<\/p>\n\n\n\n<p>Juan Carlos Fern\u00e1ndez, Gerente da STAC, explicou aos participantes que as chaves para alcan\u00e7ar um crescimento cont\u00ednuo foram uma equipa qualificada e envolvida que partilha a estrat\u00e9gia da empresa, investimento constante na inova\u00e7\u00e3o de produtos e processos, abertura de novos mercados e internacionaliza\u00e7\u00e3o como parte do nosso ADN. Este reconhecimento d\u00e1-nos a confian\u00e7a necess\u00e1ria para lidar com a crise de abastecimento de mat\u00e9rias-primas que est\u00e1 a pesar sobre o setor industrial, com as atuais dificuldades na log\u00edstica internacional e a falta de estabilidade nos mercados.<\/p>\n\n\n\n<p>Sistemas T\u00e9cnicos del Accesorio y Componentes, STAC, \u00e9 uma empresa especializada em solu\u00e7\u00f5es para fechos e fachadas de edif\u00edcios. Foi fundada em Padr\u00f3n, A Coru\u00f1a em 2001 e tem atualmente um volume de neg\u00f3cios de 140 milh\u00f5es de euros, mais de 600 funcion\u00e1rios e vende em mais de 70 pa\u00edses.<\/p>\n\n\n\n<p>No centro de produ\u00e7\u00e3o em Padr\u00f3n, com mais de 50 000 m2, concebemos e fabricamos todos os nossos produtos de ferragens e acess\u00f3rios, perfis de isolamento de poliamida e PVC, juntas de estanqueidade em EPDM e todos os tipos de termopl\u00e1sticos. Tamb\u00e9m lacamos todos os nossos produtos e contamos com o nosso pr\u00f3prio departamento de matrizes e maquinaria.<\/p>\n\n\n\n<p>O centro de produ\u00e7\u00e3o de El Bierzo, com mais de 80 000 m2, alberga a f\u00e1brica de pain\u00e9is compostos mais avan\u00e7ada da Europa. A STACBOND desenvolve, produz e comercializa pain\u00e9is compostos de alum\u00ednio e componentes estruturais espec\u00edficos para os setores da arquitetura, imagem de marca e sinaliza\u00e7\u00e3o, ind\u00fastria e transportes.<\/p>\n\n\n\n<p>Tendo a qualidade como espinha dorsal da nossa atividade, desenvolvemos um servi\u00e7o abrangente apoiado por um investimento constante em PD e forma\u00e7\u00e3o, bem como um rigoroso sistema de avalia\u00e7\u00e3o interna e externa da nossa produ\u00e7\u00e3o, aprovado por prestigiados organismos de certifica\u00e7\u00e3o internacionais.<\/p>\n\n\n\n<p>Continuaremos a trabalhar com entusiasmo, colocando a nossa aten\u00e7\u00e3o no crescimento respons\u00e1vel e sustent\u00e1vel, com base numa economia circular. Este compromisso permite-nos reduzir significativamente o nosso impacto ambiental.<\/p>\n","protected":false},"excerpt":{"rendered":"<p>Os crit\u00e9rios de sele\u00e7\u00e3o t\u00eam em conta uma taxa de crescimento anual composta superior a 15% durante os \u00faltimos 3 anos.<\/p>\n","protected":false},"author":5271,"featured_media":17604,"comment_status":"open","ping_status":"open","sticky":false,"template":"","format":"standard","meta":{"_acf_changed":false,"footnotes":""},"categories":[543],"tags":[],"class_list":["post-17616","post","type-post","status-publish","format-standard","has-post-thumbnail","hentry","category-companhia"],"acf":[],"yoast_head":"<!-- This site is optimized with the Yoast SEO plugin v27.5 - https:\/\/yoast.com\/product\/yoast-seo-wordpress\/ -->\n<title>STAC, eleita pelo 5.\u00ba ano consecutivo como a empresa espanhola l\u00edder em crescimento empresarial - STAC<\/title>\n<meta name=\"robots\" content=\"index, follow, max-snippet:-1, max-image-preview:large, max-video-preview:-1\" \/>\n<link rel=\"canonical\" href=\"https:\/\/www.stac.es\/pt-pt\/novedades\/stac-cepyme500\/\" \/>\n<meta property=\"og:locale\" content=\"pt_PT\" \/>\n<meta property=\"og:type\" content=\"article\" \/>\n<meta property=\"og:title\" content=\"STAC, eleita pelo 5.\u00ba ano consecutivo como a empresa espanhola l\u00edder em crescimento empresarial - STAC\" \/>\n<meta property=\"og:description\" content=\"Os crit\u00e9rios de sele\u00e7\u00e3o t\u00eam em conta uma taxa de crescimento anual composta superior a 15% durante os \u00faltimos 3 anos.\" \/>\n<meta property=\"og:url\" content=\"https:\/\/www.stac.es\/pt-pt\/novedades\/stac-cepyme500\/\" \/>\n<meta property=\"og:site_name\" content=\"STAC\" \/>\n<meta property=\"article:published_time\" content=\"2021-11-19T10:51:48+00:00\" \/>\n<meta property=\"article:modified_time\" content=\"2025-01-16T12:09:02+00:00\" \/>\n<meta property=\"og:image\" content=\"https:\/\/www.stac.es\/wp-content\/uploads\/2021\/11\/CEPYME2-19_11.jpg\" \/>\n\t<meta property=\"og:image:width\" content=\"400\" \/>\n\t<meta property=\"og:image:height\" content=\"275\" \/>\n\t<meta property=\"og:image:type\" content=\"image\/jpeg\" \/>\n<meta name=\"author\" content=\"M.Fernandez\" \/>\n<meta name=\"twitter:card\" content=\"summary_large_image\" \/>\n<meta name=\"twitter:label1\" content=\"Escrito por\" \/>\n\t<meta name=\"twitter:data1\" content=\"M.Fernandez\" \/>\n\t<meta name=\"twitter:label2\" content=\"Tempo estimado de leitura\" \/>\n\t<meta name=\"twitter:data2\" content=\"2 minutos\" \/>\n<script type=\"application\/ld+json\" class=\"yoast-schema-graph\">{\"@context\":\"https:\\\/\\\/schema.org\",\"@graph\":[{\"@type\":\"Article\",\"@id\":\"https:\\\/\\\/www.stac.es\\\/pt-pt\\\/novedades\\\/stac-cepyme500\\\/#article\",\"isPartOf\":{\"@id\":\"https:\\\/\\\/www.stac.es\\\/pt-pt\\\/novedades\\\/stac-cepyme500\\\/\"},\"author\":{\"name\":\"M.Fernandez\",\"@id\":\"https:\\\/\\\/www.stac.es\\\/pt-pt\\\/#\\\/schema\\\/person\\\/8071a371f0fba032777854222adbb78c\"},\"headline\":\"STAC, eleita pelo 5.\u00ba ano consecutivo como a empresa espanhola l\u00edder em crescimento empresarial\",\"datePublished\":\"2021-11-19T10:51:48+00:00\",\"dateModified\":\"2025-01-16T12:09:02+00:00\",\"mainEntityOfPage\":{\"@id\":\"https:\\\/\\\/www.stac.es\\\/pt-pt\\\/novedades\\\/stac-cepyme500\\\/\"},\"wordCount\":508,\"commentCount\":0,\"image\":{\"@id\":\"https:\\\/\\\/www.stac.es\\\/pt-pt\\\/novedades\\\/stac-cepyme500\\\/#primaryimage\"},\"thumbnailUrl\":\"https:\\\/\\\/www.stac.es\\\/wp-content\\\/uploads\\\/2021\\\/11\\\/CEPYME2-19_11.jpg\",\"articleSection\":[\"Companhia\"],\"inLanguage\":\"pt-PT\",\"potentialAction\":[{\"@type\":\"CommentAction\",\"name\":\"Comment\",\"target\":[\"https:\\\/\\\/www.stac.es\\\/pt-pt\\\/novedades\\\/stac-cepyme500\\\/#respond\"]}]},{\"@type\":\"WebPage\",\"@id\":\"https:\\\/\\\/www.stac.es\\\/pt-pt\\\/novedades\\\/stac-cepyme500\\\/\",\"url\":\"https:\\\/\\\/www.stac.es\\\/pt-pt\\\/novedades\\\/stac-cepyme500\\\/\",\"name\":\"STAC, eleita pelo 5.\u00ba ano consecutivo como a empresa espanhola l\u00edder em crescimento empresarial - STAC\",\"isPartOf\":{\"@id\":\"https:\\\/\\\/www.stac.es\\\/pt-pt\\\/#website\"},\"primaryImageOfPage\":{\"@id\":\"https:\\\/\\\/www.stac.es\\\/pt-pt\\\/novedades\\\/stac-cepyme500\\\/#primaryimage\"},\"image\":{\"@id\":\"https:\\\/\\\/www.stac.es\\\/pt-pt\\\/novedades\\\/stac-cepyme500\\\/#primaryimage\"},\"thumbnailUrl\":\"https:\\\/\\\/www.stac.es\\\/wp-content\\\/uploads\\\/2021\\\/11\\\/CEPYME2-19_11.jpg\",\"datePublished\":\"2021-11-19T10:51:48+00:00\",\"dateModified\":\"2025-01-16T12:09:02+00:00\",\"author\":{\"@id\":\"https:\\\/\\\/www.stac.es\\\/pt-pt\\\/#\\\/schema\\\/person\\\/8071a371f0fba032777854222adbb78c\"},\"breadcrumb\":{\"@id\":\"https:\\\/\\\/www.stac.es\\\/pt-pt\\\/novedades\\\/stac-cepyme500\\\/#breadcrumb\"},\"inLanguage\":\"pt-PT\",\"potentialAction\":[{\"@type\":\"ReadAction\",\"target\":[\"https:\\\/\\\/www.stac.es\\\/pt-pt\\\/novedades\\\/stac-cepyme500\\\/\"]}]},{\"@type\":\"ImageObject\",\"inLanguage\":\"pt-PT\",\"@id\":\"https:\\\/\\\/www.stac.es\\\/pt-pt\\\/novedades\\\/stac-cepyme500\\\/#primaryimage\",\"url\":\"https:\\\/\\\/www.stac.es\\\/wp-content\\\/uploads\\\/2021\\\/11\\\/CEPYME2-19_11.jpg\",\"contentUrl\":\"https:\\\/\\\/www.stac.es\\\/wp-content\\\/uploads\\\/2021\\\/11\\\/CEPYME2-19_11.jpg\",\"width\":400,\"height\":275},{\"@type\":\"BreadcrumbList\",\"@id\":\"https:\\\/\\\/www.stac.es\\\/pt-pt\\\/novedades\\\/stac-cepyme500\\\/#breadcrumb\",\"itemListElement\":[{\"@type\":\"ListItem\",\"position\":1,\"name\":\"Portada\",\"item\":\"https:\\\/\\\/www.stac.es\\\/pt-pt\\\/\"},{\"@type\":\"ListItem\",\"position\":2,\"name\":\"STAC, eleita pelo 5.\u00ba ano consecutivo como a empresa espanhola l\u00edder em crescimento empresarial\"}]},{\"@type\":\"WebSite\",\"@id\":\"https:\\\/\\\/www.stac.es\\\/pt-pt\\\/#website\",\"url\":\"https:\\\/\\\/www.stac.es\\\/pt-pt\\\/\",\"name\":\"STAC\",\"description\":\"Soluciones para sistemas de aluminio\",\"potentialAction\":[{\"@type\":\"SearchAction\",\"target\":{\"@type\":\"EntryPoint\",\"urlTemplate\":\"https:\\\/\\\/www.stac.es\\\/pt-pt\\\/?s={search_term_string}\"},\"query-input\":{\"@type\":\"PropertyValueSpecification\",\"valueRequired\":true,\"valueName\":\"search_term_string\"}}],\"inLanguage\":\"pt-PT\"},{\"@type\":\"Person\",\"@id\":\"https:\\\/\\\/www.stac.es\\\/pt-pt\\\/#\\\/schema\\\/person\\\/8071a371f0fba032777854222adbb78c\",\"name\":\"M.Fernandez\",\"image\":{\"@type\":\"ImageObject\",\"inLanguage\":\"pt-PT\",\"@id\":\"https:\\\/\\\/secure.gravatar.com\\\/avatar\\\/bf54b59c5cd66b25767bd6fe991f118c9adcb313107fbb4587e6eb23fb46677d?s=96&d=mm&r=g\",\"url\":\"https:\\\/\\\/secure.gravatar.com\\\/avatar\\\/bf54b59c5cd66b25767bd6fe991f118c9adcb313107fbb4587e6eb23fb46677d?s=96&d=mm&r=g\",\"contentUrl\":\"https:\\\/\\\/secure.gravatar.com\\\/avatar\\\/bf54b59c5cd66b25767bd6fe991f118c9adcb313107fbb4587e6eb23fb46677d?s=96&d=mm&r=g\",\"caption\":\"M.Fernandez\"},\"url\":\"https:\\\/\\\/www.stac.es\\\/pt-pt\\\/novedades\\\/author\\\/m-fernandez\\\/\"}]}<\/script>\n<!-- \/ Yoast SEO plugin. -->","yoast_head_json":{"title":"STAC, eleita pelo 5.\u00ba ano consecutivo como a empresa espanhola l\u00edder em crescimento empresarial - STAC","robots":{"index":"index","follow":"follow","max-snippet":"max-snippet:-1","max-image-preview":"max-image-preview:large","max-video-preview":"max-video-preview:-1"},"canonical":"https:\/\/www.stac.es\/pt-pt\/novedades\/stac-cepyme500\/","og_locale":"pt_PT","og_type":"article","og_title":"STAC, eleita pelo 5.\u00ba ano consecutivo como a empresa espanhola l\u00edder em crescimento empresarial - STAC","og_description":"Os crit\u00e9rios de sele\u00e7\u00e3o t\u00eam em conta uma taxa de crescimento anual composta superior a 15% durante os \u00faltimos 3 anos.","og_url":"https:\/\/www.stac.es\/pt-pt\/novedades\/stac-cepyme500\/","og_site_name":"STAC","article_published_time":"2021-11-19T10:51:48+00:00","article_modified_time":"2025-01-16T12:09:02+00:00","og_image":[{"width":400,"height":275,"url":"https:\/\/www.stac.es\/wp-content\/uploads\/2021\/11\/CEPYME2-19_11.jpg","type":"image\/jpeg"}],"author":"M.Fernandez","twitter_card":"summary_large_image","twitter_misc":{"Escrito por":"M.Fernandez","Tempo estimado de leitura":"2 minutos"},"schema":{"@context":"https:\/\/schema.org","@graph":[{"@type":"Article","@id":"https:\/\/www.stac.es\/pt-pt\/novedades\/stac-cepyme500\/#article","isPartOf":{"@id":"https:\/\/www.stac.es\/pt-pt\/novedades\/stac-cepyme500\/"},"author":{"name":"M.Fernandez","@id":"https:\/\/www.stac.es\/pt-pt\/#\/schema\/person\/8071a371f0fba032777854222adbb78c"},"headline":"STAC, eleita pelo 5.\u00ba ano consecutivo como a empresa espanhola l\u00edder em crescimento empresarial","datePublished":"2021-11-19T10:51:48+00:00","dateModified":"2025-01-16T12:09:02+00:00","mainEntityOfPage":{"@id":"https:\/\/www.stac.es\/pt-pt\/novedades\/stac-cepyme500\/"},"wordCount":508,"commentCount":0,"image":{"@id":"https:\/\/www.stac.es\/pt-pt\/novedades\/stac-cepyme500\/#primaryimage"},"thumbnailUrl":"https:\/\/www.stac.es\/wp-content\/uploads\/2021\/11\/CEPYME2-19_11.jpg","articleSection":["Companhia"],"inLanguage":"pt-PT","potentialAction":[{"@type":"CommentAction","name":"Comment","target":["https:\/\/www.stac.es\/pt-pt\/novedades\/stac-cepyme500\/#respond"]}]},{"@type":"WebPage","@id":"https:\/\/www.stac.es\/pt-pt\/novedades\/stac-cepyme500\/","url":"https:\/\/www.stac.es\/pt-pt\/novedades\/stac-cepyme500\/","name":"STAC, eleita pelo 5.\u00ba ano consecutivo como a empresa espanhola l\u00edder em crescimento empresarial - STAC","isPartOf":{"@id":"https:\/\/www.stac.es\/pt-pt\/#website"},"primaryImageOfPage":{"@id":"https:\/\/www.stac.es\/pt-pt\/novedades\/stac-cepyme500\/#primaryimage"},"image":{"@id":"https:\/\/www.stac.es\/pt-pt\/novedades\/stac-cepyme500\/#primaryimage"},"thumbnailUrl":"https:\/\/www.stac.es\/wp-content\/uploads\/2021\/11\/CEPYME2-19_11.jpg","datePublished":"2021-11-19T10:51:48+00:00","dateModified":"2025-01-16T12:09:02+00:00","author":{"@id":"https:\/\/www.stac.es\/pt-pt\/#\/schema\/person\/8071a371f0fba032777854222adbb78c"},"breadcrumb":{"@id":"https:\/\/www.stac.es\/pt-pt\/novedades\/stac-cepyme500\/#breadcrumb"},"inLanguage":"pt-PT","potentialAction":[{"@type":"ReadAction","target":["https:\/\/www.stac.es\/pt-pt\/novedades\/stac-cepyme500\/"]}]},{"@type":"ImageObject","inLanguage":"pt-PT","@id":"https:\/\/www.stac.es\/pt-pt\/novedades\/stac-cepyme500\/#primaryimage","url":"https:\/\/www.stac.es\/wp-content\/uploads\/2021\/11\/CEPYME2-19_11.jpg","contentUrl":"https:\/\/www.stac.es\/wp-content\/uploads\/2021\/11\/CEPYME2-19_11.jpg","width":400,"height":275},{"@type":"BreadcrumbList","@id":"https:\/\/www.stac.es\/pt-pt\/novedades\/stac-cepyme500\/#breadcrumb","itemListElement":[{"@type":"ListItem","position":1,"name":"Portada","item":"https:\/\/www.stac.es\/pt-pt\/"},{"@type":"ListItem","position":2,"name":"STAC, eleita pelo 5.\u00ba ano consecutivo como a empresa espanhola l\u00edder em crescimento empresarial"}]},{"@type":"WebSite","@id":"https:\/\/www.stac.es\/pt-pt\/#website","url":"https:\/\/www.stac.es\/pt-pt\/","name":"STAC","description":"Soluciones para sistemas de aluminio","potentialAction":[{"@type":"SearchAction","target":{"@type":"EntryPoint","urlTemplate":"https:\/\/www.stac.es\/pt-pt\/?s={search_term_string}"},"query-input":{"@type":"PropertyValueSpecification","valueRequired":true,"valueName":"search_term_string"}}],"inLanguage":"pt-PT"},{"@type":"Person","@id":"https:\/\/www.stac.es\/pt-pt\/#\/schema\/person\/8071a371f0fba032777854222adbb78c","name":"M.Fernandez","image":{"@type":"ImageObject","inLanguage":"pt-PT","@id":"https:\/\/secure.gravatar.com\/avatar\/bf54b59c5cd66b25767bd6fe991f118c9adcb313107fbb4587e6eb23fb46677d?s=96&d=mm&r=g","url":"https:\/\/secure.gravatar.com\/avatar\/bf54b59c5cd66b25767bd6fe991f118c9adcb313107fbb4587e6eb23fb46677d?s=96&d=mm&r=g","contentUrl":"https:\/\/secure.gravatar.com\/avatar\/bf54b59c5cd66b25767bd6fe991f118c9adcb313107fbb4587e6eb23fb46677d?s=96&d=mm&r=g","caption":"M.Fernandez"},"url":"https:\/\/www.stac.es\/pt-pt\/novedades\/author\/m-fernandez\/"}]}},"_links":{"self":[{"href":"https:\/\/www.stac.es\/pt-pt\/wp-json\/wp\/v2\/posts\/17616","targetHints":{"allow":["GET"]}}],"collection":[{"href":"https:\/\/www.stac.es\/pt-pt\/wp-json\/wp\/v2\/posts"}],"about":[{"href":"https:\/\/www.stac.es\/pt-pt\/wp-json\/wp\/v2\/types\/post"}],"author":[{"embeddable":true,"href":"https:\/\/www.stac.es\/pt-pt\/wp-json\/wp\/v2\/users\/5271"}],"replies":[{"embeddable":true,"href":"https:\/\/www.stac.es\/pt-pt\/wp-json\/wp\/v2\/comments?post=17616"}],"version-history":[{"count":2,"href":"https:\/\/www.stac.es\/pt-pt\/wp-json\/wp\/v2\/posts\/17616\/revisions"}],"predecessor-version":[{"id":17664,"href":"https:\/\/www.stac.es\/pt-pt\/wp-json\/wp\/v2\/posts\/17616\/revisions\/17664"}],"wp:featuredmedia":[{"embeddable":true,"href":"https:\/\/www.stac.es\/pt-pt\/wp-json\/wp\/v2\/media\/17604"}],"wp:attachment":[{"href":"https:\/\/www.stac.es\/pt-pt\/wp-json\/wp\/v2\/media?parent=17616"}],"wp:term":[{"taxonomy":"category","embeddable":true,"href":"https:\/\/www.stac.es\/pt-pt\/wp-json\/wp\/v2\/categories?post=17616"},{"taxonomy":"post_tag","embeddable":true,"href":"https:\/\/www.stac.es\/pt-pt\/wp-json\/wp\/v2\/tags?post=17616"}],"curies":[{"name":"wp","href":"https:\/\/api.w.org\/{rel}","templated":true}]}}