{"id":5374,"date":"2021-04-21T09:15:36","date_gmt":"2021-04-21T09:15:36","guid":{"rendered":"https:\/\/www.stac.es\/2021\/04\/microventilacion-para-multipunto\/"},"modified":"2021-06-16T08:16:29","modified_gmt":"2021-06-16T08:16:29","slug":"microventilacion-para-multipunto","status":"publish","type":"post","link":"https:\/\/www.stac.es\/pl\/nowosci\/microventilacion-para-multipunto\/","title":{"rendered":"Mikrowentylacja dla zamkni\u0119cia wielopunktowego"},"content":{"rendered":"\n<div class=\"wp-block-columns is-layout-flex wp-container-core-columns-is-layout-9d6595d7 wp-block-columns-is-layout-flex\">\n<div class=\"wp-block-column is-layout-flow wp-block-column-is-layout-flow\">\n<p><strong><span class=\"has-inline-color has-vivid-red-color\"><strong>NOWY<\/strong>&nbsp;system pozwalaj\u0105cy na&nbsp;<strong><em>wietrzenie&nbsp;<\/em><\/strong><\/span><\/strong><\/p>\n\n\n\n<p>w oknach przesuwnych z zamkni\u0119ciem wielopunktowym.<\/p>\n\n\n\n<p>Wed\u0142ug CTE (Technicznego Kodeksu ds. Budownictwa) konieczne jest wprowadzenie do mieszka\u0144 \u015brodk\u00f3w pozwalaj\u0105cych na wietrzenie i kt\u00f3re u\u0142atwi\u0105 wentylacj\u0119 pomi\u0119dzy pomieszczeniami.<\/p>\n\n\n\n<p><br>Z tego powodu firma Stac opracowa\u0142a r\u00f3\u017cne systemy dla mikrowentylacji, kt\u00f3re dostosowuj\u0105 si\u0119 do poszczeg\u00f3lnych rodzaj\u00f3w zamkni\u0119\u0107.<\/p>\n\n\n\n<p><br>Nowy&nbsp;<strong>system mikrowentylacji dla zamkni\u0119cia wielopunktowego<\/strong>&nbsp;sk\u0142ada si\u0119 z dopasowanych zamk\u00f3w wielopunktowych i nowego wpustu o nast\u0119puj\u0105cych w\u0142a\u015bciwo\u015bciach:<strong><br><br><span class=\"has-inline-color has-vivid-red-color\">WPUST Z MIKROWENTYLACJ\u0104<\/span><\/strong><\/p>\n\n\n\n<ul class=\"wp-block-list\"><li>Wpust o<strong>&nbsp;3 po\u0142o\u017ceniach<\/strong>&nbsp;pozwalaj\u0105cy na mikrowentylacj\u0119 w zamkni\u0119ciach wielopunktowych.<\/li><li><strong>Przepuszczalno\u015b\u0107 powietrza<\/strong>&nbsp;w oknach w po\u0142o\u017ceniu mikro-otwarcia wg UNE 12207:2000:<strong>&nbsp;klasa 1<\/strong>.<\/li><li><strong>4 mm otwarcie podczas mikrowentylacji<\/strong>&nbsp;regulowane a\u017c do 6 mm kluczem imbusowym 2,5.<\/li><\/ul>\n\n\n\n<p><strong><span class=\"has-inline-color has-vivid-red-color\">ZAMKNI\u0118CIE WIELOPUNKTOWE<\/span>&nbsp;<\/strong><\/p>\n\n\n\n<ul class=\"wp-block-list\"><li>Zamkni\u0119cia wielopunktowe dostarczaj\u0105 tych samych \u015bwiadcze\u0144 co obecnie, ale dodatkowo pozwalaj\u0105 na przemieszczenie si\u0119 klamki o&nbsp;<strong>180\u00ba (3 po\u0142o\u017cenia)<\/strong>.<\/li><\/ul>\n\n\n\n<ul class=\"wp-block-list\"><li><strong>3 r\u00f3\u017cne rozmiary<\/strong>&nbsp;w celu dopasowania si\u0119 do wszystkich rozmiar\u00f3w skrzyde\u0142 okiennych: 600, 1000 i 1600 mm.<\/li><li>Regulowana mikrowentylacja jedynie poprzez zast\u0105pienie dolnego wpustu naszym nowatorskim wpustem z mikrowentylacj\u0105 0520052.<\/li><\/ul>\n\n\n\n<div class=\"wp-block-image\"><figure class=\"aligncenter size-large\"><img loading=\"lazy\" decoding=\"async\" width=\"413\" height=\"254\" src=\"https:\/\/www.stac.es\/wp-content\/uploads\/2021\/06\/546.multipuntosmv-3.jpg\" alt=\"\" class=\"wp-image-11655\" srcset=\"https:\/\/www.stac.es\/wp-content\/uploads\/2021\/06\/546.multipuntosmv-3.jpg 413w, https:\/\/www.stac.es\/wp-content\/uploads\/2021\/06\/546.multipuntosmv-3-300x185.jpg 300w\" sizes=\"auto, (max-width: 413px) 100vw, 413px\" \/><\/figure><\/div>\n<\/div>\n\n\n\n<div class=\"wp-block-column is-layout-flow wp-block-column-is-layout-flow\">\n<div class=\"wp-block-image\"><figure class=\"aligncenter size-large\"><img loading=\"lazy\" decoding=\"async\" width=\"425\" height=\"572\" src=\"https:\/\/www.stac.es\/wp-content\/uploads\/2021\/06\/552.mikrowentylacjastac.png\" alt=\"\" class=\"wp-image-11648\" srcset=\"https:\/\/www.stac.es\/wp-content\/uploads\/2021\/06\/552.mikrowentylacjastac.png 425w, https:\/\/www.stac.es\/wp-content\/uploads\/2021\/06\/552.mikrowentylacjastac-223x300.png 223w\" sizes=\"auto, (max-width: 425px) 100vw, 425px\" \/><\/figure><\/div>\n\n\n\n<p> <\/p>\n<\/div>\n<\/div>\n\n\n\n<p class=\"has-text-align-center\"><a href=\"https:\/\/www.stac.es\/productos\/stac\/corredera\/accesorios-multipunto\/cerradero-de-microventilacion-0520052\" data-type=\"URL\" data-id=\"https:\/\/www.stac.es\/productos\/stac\/corredera\/accesorios-multipunto\/cerradero-de-microventilacion-0520052\" target=\"_blank\" rel=\"noreferrer noopener\">Zobacz produkt<\/a><\/p>\n","protected":false},"excerpt":{"rendered":"<p>Wed\u0142ug CTE (Technicznego Kodeksu ds. Budownictwa) konieczne jest wprowadzenie do mieszka\u0144 \u015brodk\u00f3w pozwalaj\u0105cych na wietrzenie i kt\u00f3re u\u0142atwi\u0105 wentylacj\u0119 pomi\u0119dzy pomieszczeniami.<\/p>\n","protected":false},"author":1,"featured_media":1984,"comment_status":"closed","ping_status":"open","sticky":false,"template":"","format":"standard","meta":{"_acf_changed":false,"footnotes":""},"categories":[73],"tags":[],"class_list":["post-5374","post","type-post","status-publish","format-standard","has-post-thumbnail","hentry","category-productos"],"acf":[],"yoast_head":"<!-- This site is optimized with the Yoast SEO plugin v27.5 - https:\/\/yoast.com\/product\/yoast-seo-wordpress\/ -->\n<title>Mikrowentylacja dla zamkni\u0119cia wielopunktowego - STAC<\/title>\n<meta name=\"robots\" content=\"index, follow, max-snippet:-1, max-image-preview:large, max-video-preview:-1\" \/>\n<link rel=\"canonical\" href=\"https:\/\/www.stac.es\/pl\/nowosci\/microventilacion-para-multipunto\/\" \/>\n<meta property=\"og:locale\" content=\"pl_PL\" \/>\n<meta property=\"og:type\" content=\"article\" \/>\n<meta property=\"og:title\" content=\"Mikrowentylacja dla zamkni\u0119cia wielopunktowego - STAC\" \/>\n<meta property=\"og:description\" content=\"Wed\u0142ug CTE (Technicznego Kodeksu ds. Budownictwa) konieczne jest wprowadzenie do mieszka\u0144 \u015brodk\u00f3w pozwalaj\u0105cych na wietrzenie i kt\u00f3re u\u0142atwi\u0105 wentylacj\u0119 pomi\u0119dzy pomieszczeniami.\" \/>\n<meta property=\"og:url\" content=\"https:\/\/www.stac.es\/pl\/nowosci\/microventilacion-para-multipunto\/\" \/>\n<meta property=\"og:site_name\" content=\"STAC\" \/>\n<meta property=\"article:published_time\" content=\"2021-04-21T09:15:36+00:00\" \/>\n<meta property=\"article:modified_time\" content=\"2021-06-16T08:16:29+00:00\" \/>\n<meta property=\"og:image\" content=\"https:\/\/www.stac.es\/wp-content\/uploads\/2021\/04\/1428651181.288x198.fm_.fe_.27.microventilationstac2.jpg\" \/>\n\t<meta property=\"og:image:width\" content=\"288\" \/>\n\t<meta property=\"og:image:height\" content=\"198\" \/>\n\t<meta property=\"og:image:type\" content=\"image\/jpeg\" \/>\n<meta name=\"author\" content=\"Sergio Ram\u00edrez\" \/>\n<meta name=\"twitter:card\" content=\"summary_large_image\" \/>\n<meta name=\"twitter:label1\" content=\"Napisane przez\" \/>\n\t<meta name=\"twitter:data1\" content=\"Sergio Ram\u00edrez\" \/>\n\t<meta name=\"twitter:label2\" content=\"Szacowany czas czytania\" \/>\n\t<meta name=\"twitter:data2\" content=\"2 minuty\" \/>\n<script type=\"application\/ld+json\" class=\"yoast-schema-graph\">{\"@context\":\"https:\\\/\\\/schema.org\",\"@graph\":[{\"@type\":\"Article\",\"@id\":\"https:\\\/\\\/www.stac.es\\\/pl\\\/nowosci\\\/microventilacion-para-multipunto\\\/#article\",\"isPartOf\":{\"@id\":\"https:\\\/\\\/www.stac.es\\\/pl\\\/nowosci\\\/microventilacion-para-multipunto\\\/\"},\"author\":{\"name\":\"Sergio Ram\u00edrez\",\"@id\":\"https:\\\/\\\/www.stac.es\\\/pl\\\/#\\\/schema\\\/person\\\/f2a9a24f48629d02b042ab21ef4d4f4c\"},\"headline\":\"Mikrowentylacja dla zamkni\u0119cia wielopunktowego\",\"datePublished\":\"2021-04-21T09:15:36+00:00\",\"dateModified\":\"2021-06-16T08:16:29+00:00\",\"mainEntityOfPage\":{\"@id\":\"https:\\\/\\\/www.stac.es\\\/pl\\\/nowosci\\\/microventilacion-para-multipunto\\\/\"},\"wordCount\":197,\"image\":{\"@id\":\"https:\\\/\\\/www.stac.es\\\/pl\\\/nowosci\\\/microventilacion-para-multipunto\\\/#primaryimage\"},\"thumbnailUrl\":\"https:\\\/\\\/www.stac.es\\\/wp-content\\\/uploads\\\/2021\\\/04\\\/1428651181.288x198.fm_.fe_.27.microventilationstac2.jpg\",\"articleSection\":[\"Productos\"],\"inLanguage\":\"pl-PL\"},{\"@type\":\"WebPage\",\"@id\":\"https:\\\/\\\/www.stac.es\\\/pl\\\/nowosci\\\/microventilacion-para-multipunto\\\/\",\"url\":\"https:\\\/\\\/www.stac.es\\\/pl\\\/nowosci\\\/microventilacion-para-multipunto\\\/\",\"name\":\"Mikrowentylacja dla zamkni\u0119cia wielopunktowego - STAC\",\"isPartOf\":{\"@id\":\"https:\\\/\\\/www.stac.es\\\/pl\\\/#website\"},\"primaryImageOfPage\":{\"@id\":\"https:\\\/\\\/www.stac.es\\\/pl\\\/nowosci\\\/microventilacion-para-multipunto\\\/#primaryimage\"},\"image\":{\"@id\":\"https:\\\/\\\/www.stac.es\\\/pl\\\/nowosci\\\/microventilacion-para-multipunto\\\/#primaryimage\"},\"thumbnailUrl\":\"https:\\\/\\\/www.stac.es\\\/wp-content\\\/uploads\\\/2021\\\/04\\\/1428651181.288x198.fm_.fe_.27.microventilationstac2.jpg\",\"datePublished\":\"2021-04-21T09:15:36+00:00\",\"dateModified\":\"2021-06-16T08:16:29+00:00\",\"author\":{\"@id\":\"https:\\\/\\\/www.stac.es\\\/pl\\\/#\\\/schema\\\/person\\\/f2a9a24f48629d02b042ab21ef4d4f4c\"},\"breadcrumb\":{\"@id\":\"https:\\\/\\\/www.stac.es\\\/pl\\\/nowosci\\\/microventilacion-para-multipunto\\\/#breadcrumb\"},\"inLanguage\":\"pl-PL\",\"potentialAction\":[{\"@type\":\"ReadAction\",\"target\":[\"https:\\\/\\\/www.stac.es\\\/pl\\\/nowosci\\\/microventilacion-para-multipunto\\\/\"]}]},{\"@type\":\"ImageObject\",\"inLanguage\":\"pl-PL\",\"@id\":\"https:\\\/\\\/www.stac.es\\\/pl\\\/nowosci\\\/microventilacion-para-multipunto\\\/#primaryimage\",\"url\":\"https:\\\/\\\/www.stac.es\\\/wp-content\\\/uploads\\\/2021\\\/04\\\/1428651181.288x198.fm_.fe_.27.microventilationstac2.jpg\",\"contentUrl\":\"https:\\\/\\\/www.stac.es\\\/wp-content\\\/uploads\\\/2021\\\/04\\\/1428651181.288x198.fm_.fe_.27.microventilationstac2.jpg\",\"width\":288,\"height\":198},{\"@type\":\"BreadcrumbList\",\"@id\":\"https:\\\/\\\/www.stac.es\\\/pl\\\/nowosci\\\/microventilacion-para-multipunto\\\/#breadcrumb\",\"itemListElement\":[{\"@type\":\"ListItem\",\"position\":1,\"name\":\"Portada\",\"item\":\"https:\\\/\\\/www.stac.es\\\/pl\\\/\"},{\"@type\":\"ListItem\",\"position\":2,\"name\":\"Mikrowentylacja dla zamkni\u0119cia wielopunktowego\"}]},{\"@type\":\"WebSite\",\"@id\":\"https:\\\/\\\/www.stac.es\\\/pl\\\/#website\",\"url\":\"https:\\\/\\\/www.stac.es\\\/pl\\\/\",\"name\":\"STAC\",\"description\":\"Soluciones para sistemas de aluminio\",\"potentialAction\":[{\"@type\":\"SearchAction\",\"target\":{\"@type\":\"EntryPoint\",\"urlTemplate\":\"https:\\\/\\\/www.stac.es\\\/pl\\\/?s={search_term_string}\"},\"query-input\":{\"@type\":\"PropertyValueSpecification\",\"valueRequired\":true,\"valueName\":\"search_term_string\"}}],\"inLanguage\":\"pl-PL\"},{\"@type\":\"Person\",\"@id\":\"https:\\\/\\\/www.stac.es\\\/pl\\\/#\\\/schema\\\/person\\\/f2a9a24f48629d02b042ab21ef4d4f4c\",\"name\":\"Sergio Ram\u00edrez\",\"image\":{\"@type\":\"ImageObject\",\"inLanguage\":\"pl-PL\",\"@id\":\"https:\\\/\\\/secure.gravatar.com\\\/avatar\\\/27dd34732f0592568c09499a9086f0731cbd7f45bd7f1aaef300c683ee294ecf?s=96&d=mm&r=g\",\"url\":\"https:\\\/\\\/secure.gravatar.com\\\/avatar\\\/27dd34732f0592568c09499a9086f0731cbd7f45bd7f1aaef300c683ee294ecf?s=96&d=mm&r=g\",\"contentUrl\":\"https:\\\/\\\/secure.gravatar.com\\\/avatar\\\/27dd34732f0592568c09499a9086f0731cbd7f45bd7f1aaef300c683ee294ecf?s=96&d=mm&r=g\",\"caption\":\"Sergio Ram\u00edrez\"},\"sameAs\":[\"https:\\\/\\\/www.stac.es\"],\"url\":\"https:\\\/\\\/www.stac.es\\\/pl\\\/novedades\\\/author\\\/stac\\\/\"}]}<\/script>\n<!-- \/ Yoast SEO plugin. -->","yoast_head_json":{"title":"Mikrowentylacja dla zamkni\u0119cia wielopunktowego - STAC","robots":{"index":"index","follow":"follow","max-snippet":"max-snippet:-1","max-image-preview":"max-image-preview:large","max-video-preview":"max-video-preview:-1"},"canonical":"https:\/\/www.stac.es\/pl\/nowosci\/microventilacion-para-multipunto\/","og_locale":"pl_PL","og_type":"article","og_title":"Mikrowentylacja dla zamkni\u0119cia wielopunktowego - STAC","og_description":"Wed\u0142ug CTE (Technicznego Kodeksu ds. Budownictwa) konieczne jest wprowadzenie do mieszka\u0144 \u015brodk\u00f3w pozwalaj\u0105cych na wietrzenie i kt\u00f3re u\u0142atwi\u0105 wentylacj\u0119 pomi\u0119dzy pomieszczeniami.","og_url":"https:\/\/www.stac.es\/pl\/nowosci\/microventilacion-para-multipunto\/","og_site_name":"STAC","article_published_time":"2021-04-21T09:15:36+00:00","article_modified_time":"2021-06-16T08:16:29+00:00","og_image":[{"width":288,"height":198,"url":"https:\/\/www.stac.es\/wp-content\/uploads\/2021\/04\/1428651181.288x198.fm_.fe_.27.microventilationstac2.jpg","type":"image\/jpeg"}],"author":"Sergio Ram\u00edrez","twitter_card":"summary_large_image","twitter_misc":{"Napisane przez":"Sergio Ram\u00edrez","Szacowany czas czytania":"2 minuty"},"schema":{"@context":"https:\/\/schema.org","@graph":[{"@type":"Article","@id":"https:\/\/www.stac.es\/pl\/nowosci\/microventilacion-para-multipunto\/#article","isPartOf":{"@id":"https:\/\/www.stac.es\/pl\/nowosci\/microventilacion-para-multipunto\/"},"author":{"name":"Sergio Ram\u00edrez","@id":"https:\/\/www.stac.es\/pl\/#\/schema\/person\/f2a9a24f48629d02b042ab21ef4d4f4c"},"headline":"Mikrowentylacja dla zamkni\u0119cia wielopunktowego","datePublished":"2021-04-21T09:15:36+00:00","dateModified":"2021-06-16T08:16:29+00:00","mainEntityOfPage":{"@id":"https:\/\/www.stac.es\/pl\/nowosci\/microventilacion-para-multipunto\/"},"wordCount":197,"image":{"@id":"https:\/\/www.stac.es\/pl\/nowosci\/microventilacion-para-multipunto\/#primaryimage"},"thumbnailUrl":"https:\/\/www.stac.es\/wp-content\/uploads\/2021\/04\/1428651181.288x198.fm_.fe_.27.microventilationstac2.jpg","articleSection":["Productos"],"inLanguage":"pl-PL"},{"@type":"WebPage","@id":"https:\/\/www.stac.es\/pl\/nowosci\/microventilacion-para-multipunto\/","url":"https:\/\/www.stac.es\/pl\/nowosci\/microventilacion-para-multipunto\/","name":"Mikrowentylacja dla zamkni\u0119cia wielopunktowego - STAC","isPartOf":{"@id":"https:\/\/www.stac.es\/pl\/#website"},"primaryImageOfPage":{"@id":"https:\/\/www.stac.es\/pl\/nowosci\/microventilacion-para-multipunto\/#primaryimage"},"image":{"@id":"https:\/\/www.stac.es\/pl\/nowosci\/microventilacion-para-multipunto\/#primaryimage"},"thumbnailUrl":"https:\/\/www.stac.es\/wp-content\/uploads\/2021\/04\/1428651181.288x198.fm_.fe_.27.microventilationstac2.jpg","datePublished":"2021-04-21T09:15:36+00:00","dateModified":"2021-06-16T08:16:29+00:00","author":{"@id":"https:\/\/www.stac.es\/pl\/#\/schema\/person\/f2a9a24f48629d02b042ab21ef4d4f4c"},"breadcrumb":{"@id":"https:\/\/www.stac.es\/pl\/nowosci\/microventilacion-para-multipunto\/#breadcrumb"},"inLanguage":"pl-PL","potentialAction":[{"@type":"ReadAction","target":["https:\/\/www.stac.es\/pl\/nowosci\/microventilacion-para-multipunto\/"]}]},{"@type":"ImageObject","inLanguage":"pl-PL","@id":"https:\/\/www.stac.es\/pl\/nowosci\/microventilacion-para-multipunto\/#primaryimage","url":"https:\/\/www.stac.es\/wp-content\/uploads\/2021\/04\/1428651181.288x198.fm_.fe_.27.microventilationstac2.jpg","contentUrl":"https:\/\/www.stac.es\/wp-content\/uploads\/2021\/04\/1428651181.288x198.fm_.fe_.27.microventilationstac2.jpg","width":288,"height":198},{"@type":"BreadcrumbList","@id":"https:\/\/www.stac.es\/pl\/nowosci\/microventilacion-para-multipunto\/#breadcrumb","itemListElement":[{"@type":"ListItem","position":1,"name":"Portada","item":"https:\/\/www.stac.es\/pl\/"},{"@type":"ListItem","position":2,"name":"Mikrowentylacja dla zamkni\u0119cia wielopunktowego"}]},{"@type":"WebSite","@id":"https:\/\/www.stac.es\/pl\/#website","url":"https:\/\/www.stac.es\/pl\/","name":"STAC","description":"Soluciones para sistemas de aluminio","potentialAction":[{"@type":"SearchAction","target":{"@type":"EntryPoint","urlTemplate":"https:\/\/www.stac.es\/pl\/?s={search_term_string}"},"query-input":{"@type":"PropertyValueSpecification","valueRequired":true,"valueName":"search_term_string"}}],"inLanguage":"pl-PL"},{"@type":"Person","@id":"https:\/\/www.stac.es\/pl\/#\/schema\/person\/f2a9a24f48629d02b042ab21ef4d4f4c","name":"Sergio Ram\u00edrez","image":{"@type":"ImageObject","inLanguage":"pl-PL","@id":"https:\/\/secure.gravatar.com\/avatar\/27dd34732f0592568c09499a9086f0731cbd7f45bd7f1aaef300c683ee294ecf?s=96&d=mm&r=g","url":"https:\/\/secure.gravatar.com\/avatar\/27dd34732f0592568c09499a9086f0731cbd7f45bd7f1aaef300c683ee294ecf?s=96&d=mm&r=g","contentUrl":"https:\/\/secure.gravatar.com\/avatar\/27dd34732f0592568c09499a9086f0731cbd7f45bd7f1aaef300c683ee294ecf?s=96&d=mm&r=g","caption":"Sergio Ram\u00edrez"},"sameAs":["https:\/\/www.stac.es"],"url":"https:\/\/www.stac.es\/pl\/novedades\/author\/stac\/"}]}},"_links":{"self":[{"href":"https:\/\/www.stac.es\/pl\/wp-json\/wp\/v2\/posts\/5374","targetHints":{"allow":["GET"]}}],"collection":[{"href":"https:\/\/www.stac.es\/pl\/wp-json\/wp\/v2\/posts"}],"about":[{"href":"https:\/\/www.stac.es\/pl\/wp-json\/wp\/v2\/types\/post"}],"author":[{"embeddable":true,"href":"https:\/\/www.stac.es\/pl\/wp-json\/wp\/v2\/users\/1"}],"replies":[{"embeddable":true,"href":"https:\/\/www.stac.es\/pl\/wp-json\/wp\/v2\/comments?post=5374"}],"version-history":[{"count":4,"href":"https:\/\/www.stac.es\/pl\/wp-json\/wp\/v2\/posts\/5374\/revisions"}],"predecessor-version":[{"id":12657,"href":"https:\/\/www.stac.es\/pl\/wp-json\/wp\/v2\/posts\/5374\/revisions\/12657"}],"wp:featuredmedia":[{"embeddable":true,"href":"https:\/\/www.stac.es\/pl\/wp-json\/wp\/v2\/media\/1984"}],"wp:attachment":[{"href":"https:\/\/www.stac.es\/pl\/wp-json\/wp\/v2\/media?parent=5374"}],"wp:term":[{"taxonomy":"category","embeddable":true,"href":"https:\/\/www.stac.es\/pl\/wp-json\/wp\/v2\/categories?post=5374"},{"taxonomy":"post_tag","embeddable":true,"href":"https:\/\/www.stac.es\/pl\/wp-json\/wp\/v2\/tags?post=5374"}],"curies":[{"name":"wp","href":"https:\/\/api.w.org\/{rel}","templated":true}]}}